{"id":893,"date":"2024-06-29T12:22:00","date_gmt":"2024-06-29T12:22:00","guid":{"rendered":"https:\/\/ksandrine.alwaysdata.net\/sophro\/?p=893"},"modified":"2025-11-25T16:14:59","modified_gmt":"2025-11-25T16:14:59","slug":"bien-etre","status":"publish","type":"post","link":"https:\/\/sophrologue-gardanne.fr\/index.php\/2024\/06\/29\/bien-etre\/","title":{"rendered":"Sandrine Karsenty Sophrologue\/Psychop\u00e9dagogue et Hypnoth\u00e9rapeute \u00e0 Gardanne et Fuveau"},"content":{"rendered":"\n<p class=\"has-text-align-center\">Je suis&nbsp;<strong>cr\u00e9ative, dynamique, avenante, sociable<\/strong>. Mes passions sont la danse, l\u2019\u00e9quitation, les voyages, les randos, la lecture, la musique et bien d\u2019autres encore!!!<\/p>\n\n\n<div class=\"wp-block-image\">\n<figure class=\"alignleft size-full is-resized\"><img loading=\"lazy\" decoding=\"async\" width=\"265\" height=\"177\" src=\"https:\/\/ksandrine.alwaysdata.net\/sophro\/wp-content\/uploads\/2024\/06\/plan-5-photo.png\" alt=\"\" class=\"wp-image-1043\" style=\"width:300px;height:auto\"\/><\/figure>\n<\/div>\n\n\n<p><strong>Je m\u2019appelle Sandrine<\/strong>, j\u2019ai 48 ans et je suis une<strong>\u00a0maman<\/strong>\u00a0de 2 enfants<strong>\u00a0Hpi, Dys, Tda\/h<\/strong>, <strong>Tsa<\/strong>. A la naissance de mon\u00a0<strong>premier enfant<\/strong>, j\u2019ai appris \u00e0 composer avec les\u00a0<strong>diff\u00e9rences<\/strong>, la pression\u00a0<strong>sociale, scolaire et familiale<\/strong>, l<strong>a parentalit\u00e9<\/strong> (complexe). J\u2019ai entendu les termes<strong>\u00a0Hpi, dys, tda\/h, Tsa<\/strong>, en 2010, pour la premi\u00e8re fois apr\u00e8s\u00a0<strong>la naissance de mon deuxi\u00e8me enfant<\/strong>. C\u2019est \u00e0 cet instant que je me suis sentie\u00a0<strong>lib\u00e9r\u00e9e des doutes et de la culpabilit\u00e9 parentale<\/strong>. Le\u00a0<strong>parcours scolaire et parental<\/strong>\u00a0n\u2019a pas \u00e9t\u00e9 un long fleuve tranquille, je me suis souvent sentie d\u00e9munie. J\u2019aurais aim\u00e9\u00a0<strong>\u00eatre accompagn\u00e9e<\/strong>\u00a0\u00e0 cette \u00e9poque. La 1\u00e8re fois que j\u2019ai rencontr\u00e9\u00a0<strong>la sophrologie<\/strong>\u00a0et <strong>l&rsquo;hypnose<\/strong> c\u2019\u00e9tait pour r\u00e9pondre au\u00a0<strong>souci de phobie scolaire<\/strong>\u00a0de mon ain\u00e9, et, l\u00e0\u2026.. Comme\u00a0<strong>une \u00e9vidence<\/strong>\u00a0pour moi!!! Je voulais en faire\u00a0<strong>mon m\u00e9tier<\/strong>!!!\u00a0<strong>Nouvelle vie<\/strong>\u00a0me voil\u00e0!!!<\/p>\n\n\n\n<p>Je suis \u00e0 l&rsquo;<strong>\u00e9coute, douce et bienveillante<\/strong>. Je vous accompagne gr\u00e2ce \u00e0 <strong>l\u2019hypnose<\/strong> et la <strong>sophrologie<\/strong>. <strong>J\u2019accueille<\/strong> chaque demande avec<strong>&nbsp;respect et confidentialit\u00e9<\/strong><em> <\/em><em>(Charte de d\u00e9ontologie)<\/em>.<\/p>\n\n\n\n<div class=\"wp-block-buttons is-layout-flex wp-block-buttons-is-layout-flex\">\n<div class=\"wp-block-button is-style-outline is-style-outline--1\"><a class=\"wp-block-button__link wp-element-button\" href=\"https:\/\/calendly.com\/sandrinekarsenty\" target=\"_blank\" rel=\"noreferrer noopener\"><mark style=\"background-color:rgba(0, 0, 0, 0)\" class=\"has-inline-color has-vivid-purple-color\">Prendre RDV<\/mark><\/a><\/div>\n<\/div>\n","protected":false},"excerpt":{"rendered":"<p>Je suis&nbsp;cr\u00e9ative, dynamique, avenante, sociable. Mes passions sont la danse, l\u2019\u00e9quitation, les voyages, les randos, la lecture, la musique et&hellip; <\/p>\n","protected":false},"author":3,"featured_media":0,"comment_status":"closed","ping_status":"closed","sticky":false,"template":"","format":"standard","meta":{"footnotes":""},"categories":[42],"tags":[],"class_list":["post-893","post","type-post","status-publish","format-standard","hentry","category-a-propos-de-moi"],"_links":{"self":[{"href":"https:\/\/sophrologue-gardanne.fr\/index.php\/wp-json\/wp\/v2\/posts\/893","targetHints":{"allow":["GET"]}}],"collection":[{"href":"https:\/\/sophrologue-gardanne.fr\/index.php\/wp-json\/wp\/v2\/posts"}],"about":[{"href":"https:\/\/sophrologue-gardanne.fr\/index.php\/wp-json\/wp\/v2\/types\/post"}],"author":[{"embeddable":true,"href":"https:\/\/sophrologue-gardanne.fr\/index.php\/wp-json\/wp\/v2\/users\/3"}],"replies":[{"embeddable":true,"href":"https:\/\/sophrologue-gardanne.fr\/index.php\/wp-json\/wp\/v2\/comments?post=893"}],"version-history":[{"count":27,"href":"https:\/\/sophrologue-gardanne.fr\/index.php\/wp-json\/wp\/v2\/posts\/893\/revisions"}],"predecessor-version":[{"id":1275,"href":"https:\/\/sophrologue-gardanne.fr\/index.php\/wp-json\/wp\/v2\/posts\/893\/revisions\/1275"}],"wp:attachment":[{"href":"https:\/\/sophrologue-gardanne.fr\/index.php\/wp-json\/wp\/v2\/media?parent=893"}],"wp:term":[{"taxonomy":"category","embeddable":true,"href":"https:\/\/sophrologue-gardanne.fr\/index.php\/wp-json\/wp\/v2\/categories?post=893"},{"taxonomy":"post_tag","embeddable":true,"href":"https:\/\/sophrologue-gardanne.fr\/index.php\/wp-json\/wp\/v2\/tags?post=893"}],"curies":[{"name":"wp","href":"https:\/\/api.w.org\/{rel}","templated":true}]}}